{"id":682,"date":"2018-10-15T13:24:52","date_gmt":"2018-10-15T16:24:52","guid":{"rendered":"https:\/\/draelisabetegricheno.com.br\/?p=682"},"modified":"2021-09-08T11:36:44","modified_gmt":"2021-09-08T11:36:44","slug":"duvidas-na-dermatologia","status":"publish","type":"post","link":"https:\/\/draelisabetegricheno.com.br\/index.php\/2018\/10\/15\/duvidas-na-dermatologia\/","title":{"rendered":"D\u00favidas na Dermatologia"},"content":{"rendered":"<h3><img loading=\"lazy\" decoding=\"async\" class=\"size-full wp-image-702 alignright\" src=\"https:\/\/draelisabetegricheno.com.br\/wp-content\/uploads\/2018\/10\/duvidas-dermatologia.jpg\" alt=\"\" width=\"500\" height=\"331\"><\/h3>\n<h3><strong>O sol que \u00e9 t\u00e3o importante para nossa sa\u00fade pode danificar a pele?<\/strong><\/h3>\n<p>Sim. Embora o sol seja fundamental para a absor\u00e7\u00e3o de vitaminas, quando em excesso, acaba sendo nocivo por provocar manchas, destruir prote\u00ednas que sustentam a pele e pode como consequ\u00eancia mais grave, at\u00e9 provocar c\u00e2ncer de pele. Por isto a import\u00e2ncia do uso de filtro solar.<\/p>\n<h3><strong>A acne \u00e9 causada pela ingest\u00e3o de chocolate?<\/strong><\/h3>\n<p>N\u00e3o. A acne \u00e9 causada por v\u00e1rios fatores, como hormonal na puberdade aumento da oleosidade, etc. Quanto a alimenta\u00e7\u00e3o, essa deve se balanceada, rica em prote\u00ednas, carboidratos e tamb\u00e9m a gordura em boa qualidade \u00e9 bem vinda. Hoje existem tratamentos que resolvem de maneira eficaz este problema.<\/p>\n<h3><strong>A pele oleosa evita o envelhecimento?<\/strong><\/h3>\n<p>N\u00e3o. Porque a pele oleosa ter\u00e1 mais propens\u00e3o a acne e como consequ\u00eancia mais facilidade a cicatrizes, manchas e poros dilatados. O uso de filtros solares, cosm\u00e9ticos e alguns tratamentos \u00e9 que manter\u00e3o mais tempo a beleza da sua pele.<\/p>\n<h3><strong>O tratamento a laser tem efeitos somente a curto prazo?<\/strong><\/h3>\n<p>N\u00e3o. Os tratamentos com laser estimulam a forma\u00e7\u00e3o de col\u00e1geno, prote\u00edna que contribue na firmeza e hidrata\u00e7\u00e3o da pele, provocando melhora a curto prazo, por\u00e9m no decorrer dos anos uma pele tratada demorar\u00e1 para sofrer a a\u00e7\u00e3o do tempo.<\/p>\n<h3><strong>Os tratamentos com toxina botul\u00ednica evitam rugas a longo prazo?<\/strong><\/h3>\n<p>Sim. Porque o uso da toxina botul\u00ednica na pele de imediato diminui rugas de express\u00e3o e estas no decorrer do tempo se tornariam fixas, isto \u00e9, presentes mesmo com o rosto relaxado.<\/p>\n","protected":false},"excerpt":{"rendered":"<p>O sol que \u00e9 t\u00e3o importante para nossa sa\u00fade pode danificar a pele? Sim. Embora<span class=\"excerpt-hellip\"> [\u2026]<\/span><\/p>\n","protected":false},"author":1,"featured_media":787,"comment_status":"closed","ping_status":"closed","sticky":false,"template":"","format":"standard","meta":{"footnotes":""},"categories":[4],"tags":[],"class_list":["post-682","post","type-post","status-publish","format-standard","has-post-thumbnail","hentry","category-duvidas"],"yoast_head":"<!-- This site is optimized with the Yoast SEO plugin v27.5 - https:\/\/yoast.com\/product\/yoast-seo-wordpress\/ -->\n<title>D\u00favidas na Dermatologia - Dra. Elisabete Gricheno<\/title>\n<meta name=\"robots\" content=\"index, follow, max-snippet:-1, max-image-preview:large, max-video-preview:-1\" \/>\n<link rel=\"canonical\" href=\"https:\/\/draelisabetegricheno.com.br\/index.php\/2018\/10\/15\/duvidas-na-dermatologia\/\" \/>\n<meta property=\"og:locale\" content=\"pt_BR\" \/>\n<meta property=\"og:type\" content=\"article\" \/>\n<meta property=\"og:title\" content=\"D\u00favidas na Dermatologia - Dra. Elisabete Gricheno\" \/>\n<meta property=\"og:description\" content=\"O sol que \u00e9 t\u00e3o importante para nossa sa\u00fade pode danificar a pele? Sim. Embora [\u2026]\" \/>\n<meta property=\"og:url\" content=\"https:\/\/draelisabetegricheno.com.br\/index.php\/2018\/10\/15\/duvidas-na-dermatologia\/\" \/>\n<meta property=\"og:site_name\" content=\"Dra. Elisabete Gricheno\" \/>\n<meta property=\"article:published_time\" content=\"2018-10-15T16:24:52+00:00\" \/>\n<meta property=\"article:modified_time\" content=\"2021-09-08T11:36:44+00:00\" \/>\n<meta property=\"og:image\" content=\"https:\/\/draelisabetegricheno.com.br\/wp-content\/uploads\/2018\/10\/dermatologia.jpg\" \/>\n\t<meta property=\"og:image:width\" content=\"271\" \/>\n\t<meta property=\"og:image:height\" content=\"320\" \/>\n\t<meta property=\"og:image:type\" content=\"image\/jpeg\" \/>\n<meta name=\"author\" content=\"Equipe Medicina Direta\" \/>\n<meta name=\"twitter:card\" content=\"summary_large_image\" \/>\n<meta name=\"twitter:label1\" content=\"Escrito por\" \/>\n\t<meta name=\"twitter:data1\" content=\"Equipe Medicina Direta\" \/>\n\t<meta name=\"twitter:label2\" content=\"Est. tempo de leitura\" \/>\n\t<meta name=\"twitter:data2\" content=\"1 minuto\" \/>\n<script type=\"application\/ld+json\" class=\"yoast-schema-graph\">{\"@context\":\"https:\\\/\\\/schema.org\",\"@graph\":[{\"@type\":\"Article\",\"@id\":\"https:\\\/\\\/draelisabetegricheno.com.br\\\/index.php\\\/2018\\\/10\\\/15\\\/duvidas-na-dermatologia\\\/#article\",\"isPartOf\":{\"@id\":\"https:\\\/\\\/draelisabetegricheno.com.br\\\/index.php\\\/2018\\\/10\\\/15\\\/duvidas-na-dermatologia\\\/\"},\"author\":{\"name\":\"Equipe Medicina Direta\",\"@id\":\"https:\\\/\\\/draelisabetegricheno.com.br\\\/#\\\/schema\\\/person\\\/a2fddcb0c94958014149efaf9ec0b4ff\"},\"headline\":\"D\u00favidas na Dermatologia\",\"datePublished\":\"2018-10-15T16:24:52+00:00\",\"dateModified\":\"2021-09-08T11:36:44+00:00\",\"mainEntityOfPage\":{\"@id\":\"https:\\\/\\\/draelisabetegricheno.com.br\\\/index.php\\\/2018\\\/10\\\/15\\\/duvidas-na-dermatologia\\\/\"},\"wordCount\":277,\"publisher\":{\"@id\":\"https:\\\/\\\/draelisabetegricheno.com.br\\\/#organization\"},\"image\":{\"@id\":\"https:\\\/\\\/draelisabetegricheno.com.br\\\/index.php\\\/2018\\\/10\\\/15\\\/duvidas-na-dermatologia\\\/#primaryimage\"},\"thumbnailUrl\":\"https:\\\/\\\/draelisabetegricheno.com.br\\\/wp-content\\\/uploads\\\/2018\\\/10\\\/dermatologia.jpg\",\"articleSection\":[\"D\u00favidas\"],\"inLanguage\":\"pt-BR\"},{\"@type\":\"WebPage\",\"@id\":\"https:\\\/\\\/draelisabetegricheno.com.br\\\/index.php\\\/2018\\\/10\\\/15\\\/duvidas-na-dermatologia\\\/\",\"url\":\"https:\\\/\\\/draelisabetegricheno.com.br\\\/index.php\\\/2018\\\/10\\\/15\\\/duvidas-na-dermatologia\\\/\",\"name\":\"D\u00favidas na Dermatologia - Dra. Elisabete Gricheno\",\"isPartOf\":{\"@id\":\"https:\\\/\\\/draelisabetegricheno.com.br\\\/#website\"},\"primaryImageOfPage\":{\"@id\":\"https:\\\/\\\/draelisabetegricheno.com.br\\\/index.php\\\/2018\\\/10\\\/15\\\/duvidas-na-dermatologia\\\/#primaryimage\"},\"image\":{\"@id\":\"https:\\\/\\\/draelisabetegricheno.com.br\\\/index.php\\\/2018\\\/10\\\/15\\\/duvidas-na-dermatologia\\\/#primaryimage\"},\"thumbnailUrl\":\"https:\\\/\\\/draelisabetegricheno.com.br\\\/wp-content\\\/uploads\\\/2018\\\/10\\\/dermatologia.jpg\",\"datePublished\":\"2018-10-15T16:24:52+00:00\",\"dateModified\":\"2021-09-08T11:36:44+00:00\",\"breadcrumb\":{\"@id\":\"https:\\\/\\\/draelisabetegricheno.com.br\\\/index.php\\\/2018\\\/10\\\/15\\\/duvidas-na-dermatologia\\\/#breadcrumb\"},\"inLanguage\":\"pt-BR\",\"potentialAction\":[{\"@type\":\"ReadAction\",\"target\":[\"https:\\\/\\\/draelisabetegricheno.com.br\\\/index.php\\\/2018\\\/10\\\/15\\\/duvidas-na-dermatologia\\\/\"]}]},{\"@type\":\"ImageObject\",\"inLanguage\":\"pt-BR\",\"@id\":\"https:\\\/\\\/draelisabetegricheno.com.br\\\/index.php\\\/2018\\\/10\\\/15\\\/duvidas-na-dermatologia\\\/#primaryimage\",\"url\":\"https:\\\/\\\/draelisabetegricheno.com.br\\\/wp-content\\\/uploads\\\/2018\\\/10\\\/dermatologia.jpg\",\"contentUrl\":\"https:\\\/\\\/draelisabetegricheno.com.br\\\/wp-content\\\/uploads\\\/2018\\\/10\\\/dermatologia.jpg\",\"width\":271,\"height\":320},{\"@type\":\"BreadcrumbList\",\"@id\":\"https:\\\/\\\/draelisabetegricheno.com.br\\\/index.php\\\/2018\\\/10\\\/15\\\/duvidas-na-dermatologia\\\/#breadcrumb\",\"itemListElement\":[{\"@type\":\"ListItem\",\"position\":1,\"name\":\"In\u00edcio\",\"item\":\"https:\\\/\\\/draelisabetegricheno.com.br\\\/\"},{\"@type\":\"ListItem\",\"position\":2,\"name\":\"D\u00favidas na Dermatologia\"}]},{\"@type\":\"WebSite\",\"@id\":\"https:\\\/\\\/draelisabetegricheno.com.br\\\/#website\",\"url\":\"https:\\\/\\\/draelisabetegricheno.com.br\\\/\",\"name\":\"Dra. Elisabete Gricheno\",\"description\":\"Cl\u00ednica de Dermatologia\",\"publisher\":{\"@id\":\"https:\\\/\\\/draelisabetegricheno.com.br\\\/#organization\"},\"potentialAction\":[{\"@type\":\"SearchAction\",\"target\":{\"@type\":\"EntryPoint\",\"urlTemplate\":\"https:\\\/\\\/draelisabetegricheno.com.br\\\/?s={search_term_string}\"},\"query-input\":{\"@type\":\"PropertyValueSpecification\",\"valueRequired\":true,\"valueName\":\"search_term_string\"}}],\"inLanguage\":\"pt-BR\"},{\"@type\":\"Organization\",\"@id\":\"https:\\\/\\\/draelisabetegricheno.com.br\\\/#organization\",\"name\":\"Dra. Elisabete Gricheno\",\"url\":\"https:\\\/\\\/draelisabetegricheno.com.br\\\/\",\"logo\":{\"@type\":\"ImageObject\",\"inLanguage\":\"pt-BR\",\"@id\":\"https:\\\/\\\/draelisabetegricheno.com.br\\\/#\\\/schema\\\/logo\\\/image\\\/\",\"url\":\"https:\\\/\\\/draelisabetegricheno.com.br\\\/wp-content\\\/uploads\\\/2021\\\/09\\\/logo-01-retina.png\",\"contentUrl\":\"https:\\\/\\\/draelisabetegricheno.com.br\\\/wp-content\\\/uploads\\\/2021\\\/09\\\/logo-01-retina.png\",\"width\":731,\"height\":179,\"caption\":\"Dra. Elisabete Gricheno\"},\"image\":{\"@id\":\"https:\\\/\\\/draelisabetegricheno.com.br\\\/#\\\/schema\\\/logo\\\/image\\\/\"}},{\"@type\":\"Person\",\"@id\":\"https:\\\/\\\/draelisabetegricheno.com.br\\\/#\\\/schema\\\/person\\\/a2fddcb0c94958014149efaf9ec0b4ff\",\"name\":\"Equipe Medicina Direta\",\"image\":{\"@type\":\"ImageObject\",\"inLanguage\":\"pt-BR\",\"@id\":\"https:\\\/\\\/secure.gravatar.com\\\/avatar\\\/5abc2f45ae59dbc36630a3cbdeca14c28c3d0f93e6c9e3788cedd4acba10c2f6?s=96&d=mm&r=g\",\"url\":\"https:\\\/\\\/secure.gravatar.com\\\/avatar\\\/5abc2f45ae59dbc36630a3cbdeca14c28c3d0f93e6c9e3788cedd4acba10c2f6?s=96&d=mm&r=g\",\"contentUrl\":\"https:\\\/\\\/secure.gravatar.com\\\/avatar\\\/5abc2f45ae59dbc36630a3cbdeca14c28c3d0f93e6c9e3788cedd4acba10c2f6?s=96&d=mm&r=g\",\"caption\":\"Equipe Medicina Direta\"},\"url\":\"https:\\\/\\\/draelisabetegricheno.com.br\\\/index.php\\\/author\\\/dev7-md\\\/\"}]}<\/script>\n<!-- \/ Yoast SEO plugin. -->","yoast_head_json":{"title":"D\u00favidas na Dermatologia - Dra. Elisabete Gricheno","robots":{"index":"index","follow":"follow","max-snippet":"max-snippet:-1","max-image-preview":"max-image-preview:large","max-video-preview":"max-video-preview:-1"},"canonical":"https:\/\/draelisabetegricheno.com.br\/index.php\/2018\/10\/15\/duvidas-na-dermatologia\/","og_locale":"pt_BR","og_type":"article","og_title":"D\u00favidas na Dermatologia - Dra. Elisabete Gricheno","og_description":"O sol que \u00e9 t\u00e3o importante para nossa sa\u00fade pode danificar a pele? Sim. Embora [\u2026]","og_url":"https:\/\/draelisabetegricheno.com.br\/index.php\/2018\/10\/15\/duvidas-na-dermatologia\/","og_site_name":"Dra. Elisabete Gricheno","article_published_time":"2018-10-15T16:24:52+00:00","article_modified_time":"2021-09-08T11:36:44+00:00","og_image":[{"width":271,"height":320,"url":"https:\/\/draelisabetegricheno.com.br\/wp-content\/uploads\/2018\/10\/dermatologia.jpg","type":"image\/jpeg"}],"author":"Equipe Medicina Direta","twitter_card":"summary_large_image","twitter_misc":{"Escrito por":"Equipe Medicina Direta","Est. tempo de leitura":"1 minuto"},"schema":{"@context":"https:\/\/schema.org","@graph":[{"@type":"Article","@id":"https:\/\/draelisabetegricheno.com.br\/index.php\/2018\/10\/15\/duvidas-na-dermatologia\/#article","isPartOf":{"@id":"https:\/\/draelisabetegricheno.com.br\/index.php\/2018\/10\/15\/duvidas-na-dermatologia\/"},"author":{"name":"Equipe Medicina Direta","@id":"https:\/\/draelisabetegricheno.com.br\/#\/schema\/person\/a2fddcb0c94958014149efaf9ec0b4ff"},"headline":"D\u00favidas na Dermatologia","datePublished":"2018-10-15T16:24:52+00:00","dateModified":"2021-09-08T11:36:44+00:00","mainEntityOfPage":{"@id":"https:\/\/draelisabetegricheno.com.br\/index.php\/2018\/10\/15\/duvidas-na-dermatologia\/"},"wordCount":277,"publisher":{"@id":"https:\/\/draelisabetegricheno.com.br\/#organization"},"image":{"@id":"https:\/\/draelisabetegricheno.com.br\/index.php\/2018\/10\/15\/duvidas-na-dermatologia\/#primaryimage"},"thumbnailUrl":"https:\/\/draelisabetegricheno.com.br\/wp-content\/uploads\/2018\/10\/dermatologia.jpg","articleSection":["D\u00favidas"],"inLanguage":"pt-BR"},{"@type":"WebPage","@id":"https:\/\/draelisabetegricheno.com.br\/index.php\/2018\/10\/15\/duvidas-na-dermatologia\/","url":"https:\/\/draelisabetegricheno.com.br\/index.php\/2018\/10\/15\/duvidas-na-dermatologia\/","name":"D\u00favidas na Dermatologia - Dra. Elisabete Gricheno","isPartOf":{"@id":"https:\/\/draelisabetegricheno.com.br\/#website"},"primaryImageOfPage":{"@id":"https:\/\/draelisabetegricheno.com.br\/index.php\/2018\/10\/15\/duvidas-na-dermatologia\/#primaryimage"},"image":{"@id":"https:\/\/draelisabetegricheno.com.br\/index.php\/2018\/10\/15\/duvidas-na-dermatologia\/#primaryimage"},"thumbnailUrl":"https:\/\/draelisabetegricheno.com.br\/wp-content\/uploads\/2018\/10\/dermatologia.jpg","datePublished":"2018-10-15T16:24:52+00:00","dateModified":"2021-09-08T11:36:44+00:00","breadcrumb":{"@id":"https:\/\/draelisabetegricheno.com.br\/index.php\/2018\/10\/15\/duvidas-na-dermatologia\/#breadcrumb"},"inLanguage":"pt-BR","potentialAction":[{"@type":"ReadAction","target":["https:\/\/draelisabetegricheno.com.br\/index.php\/2018\/10\/15\/duvidas-na-dermatologia\/"]}]},{"@type":"ImageObject","inLanguage":"pt-BR","@id":"https:\/\/draelisabetegricheno.com.br\/index.php\/2018\/10\/15\/duvidas-na-dermatologia\/#primaryimage","url":"https:\/\/draelisabetegricheno.com.br\/wp-content\/uploads\/2018\/10\/dermatologia.jpg","contentUrl":"https:\/\/draelisabetegricheno.com.br\/wp-content\/uploads\/2018\/10\/dermatologia.jpg","width":271,"height":320},{"@type":"BreadcrumbList","@id":"https:\/\/draelisabetegricheno.com.br\/index.php\/2018\/10\/15\/duvidas-na-dermatologia\/#breadcrumb","itemListElement":[{"@type":"ListItem","position":1,"name":"In\u00edcio","item":"https:\/\/draelisabetegricheno.com.br\/"},{"@type":"ListItem","position":2,"name":"D\u00favidas na Dermatologia"}]},{"@type":"WebSite","@id":"https:\/\/draelisabetegricheno.com.br\/#website","url":"https:\/\/draelisabetegricheno.com.br\/","name":"Dra. Elisabete Gricheno","description":"Cl\u00ednica de Dermatologia","publisher":{"@id":"https:\/\/draelisabetegricheno.com.br\/#organization"},"potentialAction":[{"@type":"SearchAction","target":{"@type":"EntryPoint","urlTemplate":"https:\/\/draelisabetegricheno.com.br\/?s={search_term_string}"},"query-input":{"@type":"PropertyValueSpecification","valueRequired":true,"valueName":"search_term_string"}}],"inLanguage":"pt-BR"},{"@type":"Organization","@id":"https:\/\/draelisabetegricheno.com.br\/#organization","name":"Dra. Elisabete Gricheno","url":"https:\/\/draelisabetegricheno.com.br\/","logo":{"@type":"ImageObject","inLanguage":"pt-BR","@id":"https:\/\/draelisabetegricheno.com.br\/#\/schema\/logo\/image\/","url":"https:\/\/draelisabetegricheno.com.br\/wp-content\/uploads\/2021\/09\/logo-01-retina.png","contentUrl":"https:\/\/draelisabetegricheno.com.br\/wp-content\/uploads\/2021\/09\/logo-01-retina.png","width":731,"height":179,"caption":"Dra. Elisabete Gricheno"},"image":{"@id":"https:\/\/draelisabetegricheno.com.br\/#\/schema\/logo\/image\/"}},{"@type":"Person","@id":"https:\/\/draelisabetegricheno.com.br\/#\/schema\/person\/a2fddcb0c94958014149efaf9ec0b4ff","name":"Equipe Medicina Direta","image":{"@type":"ImageObject","inLanguage":"pt-BR","@id":"https:\/\/secure.gravatar.com\/avatar\/5abc2f45ae59dbc36630a3cbdeca14c28c3d0f93e6c9e3788cedd4acba10c2f6?s=96&d=mm&r=g","url":"https:\/\/secure.gravatar.com\/avatar\/5abc2f45ae59dbc36630a3cbdeca14c28c3d0f93e6c9e3788cedd4acba10c2f6?s=96&d=mm&r=g","contentUrl":"https:\/\/secure.gravatar.com\/avatar\/5abc2f45ae59dbc36630a3cbdeca14c28c3d0f93e6c9e3788cedd4acba10c2f6?s=96&d=mm&r=g","caption":"Equipe Medicina Direta"},"url":"https:\/\/draelisabetegricheno.com.br\/index.php\/author\/dev7-md\/"}]}},"_links":{"self":[{"href":"https:\/\/draelisabetegricheno.com.br\/index.php\/wp-json\/wp\/v2\/posts\/682","targetHints":{"allow":["GET"]}}],"collection":[{"href":"https:\/\/draelisabetegricheno.com.br\/index.php\/wp-json\/wp\/v2\/posts"}],"about":[{"href":"https:\/\/draelisabetegricheno.com.br\/index.php\/wp-json\/wp\/v2\/types\/post"}],"author":[{"embeddable":true,"href":"https:\/\/draelisabetegricheno.com.br\/index.php\/wp-json\/wp\/v2\/users\/1"}],"replies":[{"embeddable":true,"href":"https:\/\/draelisabetegricheno.com.br\/index.php\/wp-json\/wp\/v2\/comments?post=682"}],"version-history":[{"count":0,"href":"https:\/\/draelisabetegricheno.com.br\/index.php\/wp-json\/wp\/v2\/posts\/682\/revisions"}],"wp:featuredmedia":[{"embeddable":true,"href":"https:\/\/draelisabetegricheno.com.br\/index.php\/wp-json\/wp\/v2\/media\/787"}],"wp:attachment":[{"href":"https:\/\/draelisabetegricheno.com.br\/index.php\/wp-json\/wp\/v2\/media?parent=682"}],"wp:term":[{"taxonomy":"category","embeddable":true,"href":"https:\/\/draelisabetegricheno.com.br\/index.php\/wp-json\/wp\/v2\/categories?post=682"},{"taxonomy":"post_tag","embeddable":true,"href":"https:\/\/draelisabetegricheno.com.br\/index.php\/wp-json\/wp\/v2\/tags?post=682"}],"curies":[{"name":"wp","href":"https:\/\/api.w.org\/{rel}","templated":true}]}}